{"id":37329,"date":"2008-01-22T11:49:56","date_gmt":"2008-01-22T10:49:56","guid":{"rendered":"https:\/\/mancomun.gal\/disponibles-todos-os-videos-da-openoffice-org-conference-2007-de-barcelona\/"},"modified":"2023-05-10T02:46:26","modified_gmt":"2023-05-10T00:46:26","slug":"disponibles-todos-os-videos-da-openoffice-org-conference-2007-de-barcelona","status":"publish","type":"post","link":"https:\/\/mancomun.gal\/es\/disponibles-todos-os-videos-da-openoffice-org-conference-2007-de-barcelona\/","title":{"rendered":"Dispo\u00f1ibles todos os v\u00eddeos da OpenOffice.org Conference 2007 de Barcelona"},"content":{"rendered":"<p align=\"justify\"><img loading=\"lazy\" decoding=\"async\" src=\"https:\/\/mancomun.gal\/wp-content\/uploads\/2022\/09\/ooocon2007.png\" border=\"0\" alt=\"http:\/\/www.mancomun.org\/images\/stories\/ooocon2007.png\" title=\"http:\/\/www.mancomun.org\/images\/stories\/ooocon2007.png\" hspace=\"7\" vspace=\"7\" width=\"176\" height=\"105\" align=\"right\" \/>Como xa se anunciara neste portal, <a href=\"novas\/eventos\/mancomun.org-participa-na-openoffice.org-conference-2007-que-da-comezo-hoxe-en-barc-2.html\" target=\"_blank\" title=\"http:\/\/www.mancomun.org\/novas\/eventos\/mancomun.org-participa-na-openoffice.org-conference-2007-que-da-comezo-hoxe-en-barc-2.html\" rel=\"noopener\">Mancomun.org estivo presente na OpenOffice.org Conference 2007<\/a>  que se celebrou durante os d\u00edas 19, 20 e 21 de setembro do ano pasado en Barcelona.<\/p>\n<p align=\"justify\">Hai xa uns meses anunci\u00e1rase a dispo\u00f1ibilidade, grazas ao traballo voluntario do proxecto esloveno <a href=\"http:\/\/www.kiberpipa.org\/\" target=\"_blank\" title=\"Kiberpipa\" rel=\"noopener\">KiberPipa<\/a>, de varios dos v\u00eddeos das conferencias; pero por diversos motivos, o resto dos v\u00eddeos non estivo dispo\u00f1ible ata hai uns d\u00edas. Nestes v\u00eddeos poderemos ver e escoitar \u00e1s diversas personalidades da comunidade de OpenOffice.org que estiveron presentes na conferencia. <\/p>\n<div align=\"justify\">\n<ul>\n<li><a href=\"http:\/\/ooocon.kiberpipa.org\/media\/index-2007.html\" target=\"_blank\" title=\"http:\/\/ooocon.kiberpipa.org\/media\/index-2007.html\" rel=\"noopener\">V\u00eddeos da OpenOffice.org Conference 2007<\/a><\/li>\n<li><a href=\"http:\/\/marketing.openoffice.org\/ooocon2007\/programme\/friday_55.odp\" target=\"_blank\" title=\"http:\/\/marketing.openoffice.org\/ooocon2007\/programme\/friday_55.odp\" rel=\"noopener\">Presentaci\u00f3n de Mancomun.org<\/a> (formato odp) <\/li>\n<li><a href=\"http:\/\/ooocon.kiberpipa.org\/media\/index-2007.html#Galician_Experience_With_OpenOfficeOrg_Xesus_Benitez_Beleato\" target=\"_blank\" title=\"http:\/\/ooocon.kiberpipa.org\/media\/index-2007.html#Galician_Experience_With_OpenOfficeOrg_Xesus_Benitez_Beleato\" rel=\"noopener\">V\u00eddeo do relatorio de Xes\u00fas M. Ben\u00edtez Baleato (Suso Baleato)<\/a>, coordinador de Mancomun.org <\/li>\n<\/ul>\n<\/div>\n<p><\/p>\n","protected":false},"excerpt":{"rendered":"<p align=\"justify\"><img loading=\"lazy\" decoding=\"async\" src=\"https:\/\/www.mancomun.gal\/wp-content\/uploads\/uploads\/pics\/stories\/ooocon2007.png\" border=\"0\" alt=\"http:\/\/www.mancomun.org\/images\/stories\/ooocon2007.png\" title=\"http:\/\/www.mancomun.org\/images\/stories\/ooocon2007.png\" hspace=\"7\" vspace=\"7\" width=\"176\" height=\"105\" align=\"right\" \/>Como xa se anunciara neste portal, <a href=\"novas\/eventos\/mancomun.org-participa-na-openoffice.org-conference-2007-que-da-comezo-hoxe-en-barc-2.html\" target=\"_blank\" title=\"http:\/\/www.mancomun.org\/novas\/eventos\/mancomun.org-participa-na-openoffice.org-conference-2007-que-da-comezo-hoxe-en-barc-2.html\" rel=\"noopener\">Mancomun.org estivo presente na OpenOffice.org Conference 2007<\/a>  que se celebrou durante os d\u00edas 19, 20 e 21 de setembro do ano pasado en Barcelona.<\/p>\n<p align=\"justify\">Hai xa uns meses anunci\u00e1rase a dispo\u00f1ibilidade, grazas ao traballo voluntario do proxecto esloveno <a href=\"http:\/\/www.kiberpipa.org\/\" target=\"_blank\" title=\"Kiberpipa\" rel=\"noopener\">KiberPipa<\/a>, de varios dos v\u00eddeos das conferencias; pero por diversos motivos, o resto dos v\u00eddeos non estivo dispo\u00f1ible ata hai uns d\u00edas. Nestes v\u00eddeos poderemos ver e escoitar \u00e1s diversas personalidades da comunidade de OpenOffice.org que estiveron presentes na conferencia. <\/p>\n<div align=\"justify\">\n<ul>\n<li><a href=\"http:\/\/ooocon.kiberpipa.org\/media\/index-2007.html\" target=\"_blank\" title=\"http:\/\/ooocon.kiberpipa.org\/media\/index-2007.html\" rel=\"noopener\">V\u00eddeos da OpenOffice.org Conference 2007<\/a><\/li>\n<li><a href=\"http:\/\/marketing.openoffice.org\/ooocon2007\/programme\/friday_55.odp\" target=\"_blank\" title=\"http:\/\/marketing.openoffice.org\/ooocon2007\/programme\/friday_55.odp\" rel=\"noopener\">Presentaci\u00f3n de Mancomun.org<\/a> (formato odp) <\/li>\n<li><a href=\"http:\/\/ooocon.kiberpipa.org\/media\/index-2007.html#Galician_Experience_With_OpenOfficeOrg_Xesus_Benitez_Beleato\" target=\"_blank\" title=\"http:\/\/ooocon.kiberpipa.org\/media\/index-2007.html#Galician_Experience_With_OpenOfficeOrg_Xesus_Benitez_Beleato\" rel=\"noopener\">V\u00eddeo do relatorio de Xes\u00fas M. Ben\u00edtez Baleato (Suso Baleato)<\/a>, coordinador de Mancomun.org <\/li>\n<\/ul>\n<\/div>\n","protected":false},"author":5,"featured_media":2801,"comment_status":"open","ping_status":"open","sticky":false,"template":"","format":"standard","meta":{"footnotes":""},"categories":[],"tags":[],"class_list":["post-37329","post","type-post","status-publish","format-standard","has-post-thumbnail","hentry"],"acf":[],"_links":{"self":[{"href":"https:\/\/mancomun.gal\/es\/wp-json\/wp\/v2\/posts\/37329","targetHints":{"allow":["GET"]}}],"collection":[{"href":"https:\/\/mancomun.gal\/es\/wp-json\/wp\/v2\/posts"}],"about":[{"href":"https:\/\/mancomun.gal\/es\/wp-json\/wp\/v2\/types\/post"}],"author":[{"embeddable":true,"href":"https:\/\/mancomun.gal\/es\/wp-json\/wp\/v2\/users\/5"}],"replies":[{"embeddable":true,"href":"https:\/\/mancomun.gal\/es\/wp-json\/wp\/v2\/comments?post=37329"}],"version-history":[{"count":1,"href":"https:\/\/mancomun.gal\/es\/wp-json\/wp\/v2\/posts\/37329\/revisions"}],"predecessor-version":[{"id":37330,"href":"https:\/\/mancomun.gal\/es\/wp-json\/wp\/v2\/posts\/37329\/revisions\/37330"}],"wp:featuredmedia":[{"embeddable":true,"href":"https:\/\/mancomun.gal\/es\/wp-json\/wp\/v2\/media\/2801"}],"wp:attachment":[{"href":"https:\/\/mancomun.gal\/es\/wp-json\/wp\/v2\/media?parent=37329"}],"wp:term":[{"taxonomy":"category","embeddable":true,"href":"https:\/\/mancomun.gal\/es\/wp-json\/wp\/v2\/categories?post=37329"},{"taxonomy":"post_tag","embeddable":true,"href":"https:\/\/mancomun.gal\/es\/wp-json\/wp\/v2\/tags?post=37329"}],"curies":[{"name":"wp","href":"https:\/\/api.w.org\/{rel}","templated":true}]}}