{"id":37343,"date":"2008-01-23T15:58:48","date_gmt":"2008-01-23T14:58:48","guid":{"rendered":"https:\/\/mancomun.gal\/obradoiro-de-comercio-electronico-con-oscommerce-en-vilalba\/"},"modified":"2023-05-10T02:55:27","modified_gmt":"2023-05-10T00:55:27","slug":"obradoiro-de-comercio-electronico-con-oscommerce-en-vilalba","status":"publish","type":"post","link":"https:\/\/mancomun.gal\/es\/obradoiro-de-comercio-electronico-con-oscommerce-en-vilalba\/","title":{"rendered":"Obradoiro de comercio electr\u00f3nico con osCommerce en Vilalba"},"content":{"rendered":"<p align=\"justify\"><img loading=\"lazy\" decoding=\"async\" src=\"https:\/\/mancomun.gal\/wp-content\/uploads\/2022\/09\/rededinamizadores.jpg\" border=\"0\" alt=\"http:\/\/www.mancomun.org\/images\/stories\/rededinamizadores.jpg\" title=\"http:\/\/www.mancomun.org\/images\/stories\/rededinamizadores.jpg\" hspace=\"7\" vspace=\"2\" width=\"140\" height=\"43\" align=\"left\" \/>A Asociaci\u00f3n de Empresarios Sete Pontes de Vilalba en colaboraci\u00f3n coa Rede de Dinamizaci\u00f3n organiza un obradoiro de comercio electr\u00f3nico, no que se dar\u00e1n a co\u00f1ecer as vontades da plataforma osCommerce para a creaci\u00f3n dunha tenda virtual, pr\u00e1ctica que se levar\u00e1 a cabo durante o obradoiro.<\/p>\n<p style=\"text-align: justify\" align=\"justify\">O obradoiro est\u00e1 dirixido a empresarios e traballadores e comeza hoxe en horario de luns a venres de 20:30 a 22:30.<\/p>\n<p style=\"text-align: justify\" align=\"justify\">As prazas son limitadas, polo que as persoas interesadas <span>deberanse inscribirse antes da hora de comezo&#8230;<\/span><\/p>\n<p><\/p>\n<p>Para m\u00e1is informaci\u00f3n consulta a fonte orixinal da nova:<br \/><a href=\"http:\/\/dinamiza.sociedadedainformacion.eu\/web\/index.php?mod=noticias_centro&#038;idc=29&#038;ide=305\" target=\"_blank\" title=\"http:\/\/dinamiza.sociedadedainformacion.eu\/web\/index.php?mod=noticias_centro&#038;idc=29&#038;ide=305\" rel=\"noopener\">http:\/\/dinamiza.sociedadedainformacion.eu<\/a><\/p>\n","protected":false},"excerpt":{"rendered":"<p align=\"justify\"><img loading=\"lazy\" decoding=\"async\" src=\"https:\/\/www.mancomun.gal\/wp-content\/uploads\/uploads\/pics\/stories\/rededinamizadores.jpg\" border=\"0\" alt=\"http:\/\/www.mancomun.org\/images\/stories\/rededinamizadores.jpg\" title=\"http:\/\/www.mancomun.org\/images\/stories\/rededinamizadores.jpg\" hspace=\"7\" vspace=\"2\" width=\"140\" height=\"43\" align=\"left\" \/>A Asociaci\u00f3n de Empresarios Sete Pontes de Vilalba en colaboraci\u00f3n coa Rede de Dinamizaci\u00f3n organiza un obradoiro de comercio electr\u00f3nico, no que se dar\u00e1n a co\u00f1ecer as vontades da plataforma osCommerce para a creaci\u00f3n dunha tenda virtual, pr\u00e1ctica que se levar\u00e1 a cabo durante o obradoiro.<\/p>\n<p style=\"text-align: justify\" align=\"justify\">O obradoiro est\u00e1 dirixido a empresarios e traballadores e comeza hoxe en horario de luns a venres de 20:30 a 22:30.<\/p>\n<p style=\"text-align: justify\" align=\"justify\">As prazas son limitadas, polo que as persoas interesadas <span>deberanse inscribirse antes da hora de comezo&#8230;<\/span><\/p>\n","protected":false},"author":5,"featured_media":1870,"comment_status":"open","ping_status":"open","sticky":false,"template":"","format":"standard","meta":{"footnotes":""},"categories":[],"tags":[],"class_list":["post-37343","post","type-post","status-publish","format-standard","has-post-thumbnail","hentry"],"acf":[],"_links":{"self":[{"href":"https:\/\/mancomun.gal\/es\/wp-json\/wp\/v2\/posts\/37343","targetHints":{"allow":["GET"]}}],"collection":[{"href":"https:\/\/mancomun.gal\/es\/wp-json\/wp\/v2\/posts"}],"about":[{"href":"https:\/\/mancomun.gal\/es\/wp-json\/wp\/v2\/types\/post"}],"author":[{"embeddable":true,"href":"https:\/\/mancomun.gal\/es\/wp-json\/wp\/v2\/users\/5"}],"replies":[{"embeddable":true,"href":"https:\/\/mancomun.gal\/es\/wp-json\/wp\/v2\/comments?post=37343"}],"version-history":[{"count":1,"href":"https:\/\/mancomun.gal\/es\/wp-json\/wp\/v2\/posts\/37343\/revisions"}],"predecessor-version":[{"id":37344,"href":"https:\/\/mancomun.gal\/es\/wp-json\/wp\/v2\/posts\/37343\/revisions\/37344"}],"wp:featuredmedia":[{"embeddable":true,"href":"https:\/\/mancomun.gal\/es\/wp-json\/wp\/v2\/media\/1870"}],"wp:attachment":[{"href":"https:\/\/mancomun.gal\/es\/wp-json\/wp\/v2\/media?parent=37343"}],"wp:term":[{"taxonomy":"category","embeddable":true,"href":"https:\/\/mancomun.gal\/es\/wp-json\/wp\/v2\/categories?post=37343"},{"taxonomy":"post_tag","embeddable":true,"href":"https:\/\/mancomun.gal\/es\/wp-json\/wp\/v2\/tags?post=37343"}],"curies":[{"name":"wp","href":"https:\/\/api.w.org\/{rel}","templated":true}]}}