{"id":37347,"date":"2008-01-24T09:33:08","date_gmt":"2008-01-24T08:33:08","guid":{"rendered":"https:\/\/mancomun.gal\/instaladores-de-gimp-2-4-3-en-galego-para-windows-xa-disponibles\/"},"modified":"2023-05-10T03:00:03","modified_gmt":"2023-05-10T01:00:03","slug":"instaladores-de-gimp-2-4-3-en-galego-para-windows-xa-disponibles","status":"publish","type":"post","link":"https:\/\/mancomun.gal\/es\/instaladores-de-gimp-2-4-3-en-galego-para-windows-xa-disponibles\/","title":{"rendered":"Instaladores de Gimp 2.4.3 en galego para Windows xa dispo\u00f1ibles"},"content":{"rendered":"<div align=\"justify\"><img loading=\"lazy\" decoding=\"async\" src=\"https:\/\/mancomun.gal\/wp-content\/uploads\/2022\/09\/gimp.jpg\" border=\"0\" alt=\"http:\/\/www.mancomun.org\/images\/stories\/gimp.jpg\" title=\"http:\/\/www.mancomun.org\/images\/stories\/gimp.jpg\" hspace=\"7\" vspace=\"7\" width=\"100\" height=\"92\" align=\"left\" \/>Hai xa unhas semanas anunci\u00e1bamos a dispo\u00f1ibilidade da <a href=\"novas\/outras-novas\/traducion-ao-galego-do-gimp-e-curso-de-gimp-desde-3.html\" title=\"http:\/\/www.mancomun.org\/novas\/outras-novas\/traducion-ao-galego-do-gimp-e-curso-de-gimp-desde-3.html\">nova versi\u00f3n de Gimp 2.4.3 en galego<\/a>. Se ben nun primeiro momento non hab\u00eda dispo\u00f1ibles os paquetes autoinstalables para Windows (isto implicaba que hab\u00eda que compilar o c\u00f3digo fonte do programa para poder instalalo), o 21 de xaneiro sa\u00edron estes paquetes: <\/div>\n<div align=\"justify\">\n<ul>\n<li><a href=\"http:\/\/gimp-win.sourceforge.net\/stable.html\" target=\"_blank\" title=\"http:\/\/gimp-win.sourceforge.net\/stable.html\" rel=\"noopener\">Gimp 2.4.3 para Windows<\/a><\/li>\n<\/ul>\n<p>Podedes atopar m\u00e1is informaci\u00f3n sobre a traduci\u00f3n ao galego do Gimp na <a href=\"novas\/outras-novas\/traducion-ao-galego-do-gimp-e-curso-de-gimp-desde-3.html\" title=\"http:\/\/www.mancomun.org\/novas\/outras-novas\/traducion-ao-galego-do-gimp-e-curso-de-gimp-desde-3.html\">nova orixinal sobre a traduci\u00f3n<\/a>&#8230;  <\/div>\n<p><\/p>\n","protected":false},"excerpt":{"rendered":"<div align=\"justify\"><img loading=\"lazy\" decoding=\"async\" src=\"https:\/\/www.mancomun.gal\/wp-content\/uploads\/uploads\/pics\/stories\/gimp.jpg\" border=\"0\" alt=\"http:\/\/www.mancomun.org\/images\/stories\/gimp.jpg\" title=\"http:\/\/www.mancomun.org\/images\/stories\/gimp.jpg\" hspace=\"7\" vspace=\"7\" width=\"100\" height=\"92\" align=\"left\" \/>Hai xa unhas semanas anunci\u00e1bamos a dispo\u00f1ibilidade da <a href=\"novas\/outras-novas\/traducion-ao-galego-do-gimp-e-curso-de-gimp-desde-3.html\" title=\"http:\/\/www.mancomun.org\/novas\/outras-novas\/traducion-ao-galego-do-gimp-e-curso-de-gimp-desde-3.html\">nova versi\u00f3n de Gimp 2.4.3 en galego<\/a>. Se ben nun primeiro momento non hab\u00eda dispo\u00f1ibles os paquetes autoinstalables para Windows (isto implicaba que hab\u00eda que compilar o c\u00f3digo fonte do programa para poder instalalo), o 21 de xaneiro sa\u00edron estes paquetes: <\/div>\n<div align=\"justify\">\n<ul>\n<li><a href=\"http:\/\/gimp-win.sourceforge.net\/stable.html\" target=\"_blank\" title=\"http:\/\/gimp-win.sourceforge.net\/stable.html\" rel=\"noopener\">Gimp 2.4.3 para Windows<\/a><\/li>\n<\/ul>\n<p>Podedes atopar m\u00e1is informaci\u00f3n sobre a traduci\u00f3n ao galego do Gimp na <a href=\"novas\/outras-novas\/traducion-ao-galego-do-gimp-e-curso-de-gimp-desde-3.html\" title=\"http:\/\/www.mancomun.org\/novas\/outras-novas\/traducion-ao-galego-do-gimp-e-curso-de-gimp-desde-3.html\">nova orixinal sobre a traduci\u00f3n<\/a>&#8230;  <\/div>\n","protected":false},"author":5,"featured_media":1668,"comment_status":"open","ping_status":"open","sticky":false,"template":"","format":"standard","meta":{"footnotes":""},"categories":[],"tags":[],"class_list":["post-37347","post","type-post","status-publish","format-standard","has-post-thumbnail","hentry"],"acf":[],"_links":{"self":[{"href":"https:\/\/mancomun.gal\/es\/wp-json\/wp\/v2\/posts\/37347","targetHints":{"allow":["GET"]}}],"collection":[{"href":"https:\/\/mancomun.gal\/es\/wp-json\/wp\/v2\/posts"}],"about":[{"href":"https:\/\/mancomun.gal\/es\/wp-json\/wp\/v2\/types\/post"}],"author":[{"embeddable":true,"href":"https:\/\/mancomun.gal\/es\/wp-json\/wp\/v2\/users\/5"}],"replies":[{"embeddable":true,"href":"https:\/\/mancomun.gal\/es\/wp-json\/wp\/v2\/comments?post=37347"}],"version-history":[{"count":1,"href":"https:\/\/mancomun.gal\/es\/wp-json\/wp\/v2\/posts\/37347\/revisions"}],"predecessor-version":[{"id":37348,"href":"https:\/\/mancomun.gal\/es\/wp-json\/wp\/v2\/posts\/37347\/revisions\/37348"}],"wp:featuredmedia":[{"embeddable":true,"href":"https:\/\/mancomun.gal\/es\/wp-json\/wp\/v2\/media\/1668"}],"wp:attachment":[{"href":"https:\/\/mancomun.gal\/es\/wp-json\/wp\/v2\/media?parent=37347"}],"wp:term":[{"taxonomy":"category","embeddable":true,"href":"https:\/\/mancomun.gal\/es\/wp-json\/wp\/v2\/categories?post=37347"},{"taxonomy":"post_tag","embeddable":true,"href":"https:\/\/mancomun.gal\/es\/wp-json\/wp\/v2\/tags?post=37347"}],"curies":[{"name":"wp","href":"https:\/\/api.w.org\/{rel}","templated":true}]}}