{"id":37377,"date":"2008-01-30T04:16:05","date_gmt":"2008-01-30T03:16:05","guid":{"rendered":"https:\/\/mancomun.gal\/o-cesga-traballa-nun-contorno-virtual-para-familias-con-persoas-con-diversidade-funcional\/"},"modified":"2008-01-30T04:16:05","modified_gmt":"2008-01-30T03:16:05","slug":"o-cesga-traballa-nun-contorno-virtual-para-familias-con-persoas-con-diversidade-funcional","status":"publish","type":"post","link":"https:\/\/mancomun.gal\/es\/o-cesga-traballa-nun-contorno-virtual-para-familias-con-persoas-con-diversidade-funcional\/","title":{"rendered":"O CESGA traballa nun contorno virtual para familias con persoas con diversidade funcional"},"content":{"rendered":"<div align=\"justify\">A \u00e1rea de e-learning do <a href=\"http:\/\/www.cesga.es\/\">CESGA<\/a> est\u00e1 traballando na preparaci\u00f3n dun <a href=\"http:\/\/diversidade.cesga.es\/\">contorno virtual<\/a> baseado en Software Libre, que permitir\u00e1, entre outras cousas, mellorar tanto a comunicaci\u00f3n intrafamiliar como a comunicaci\u00f3n entre as familias e o equipo de psic\u00f3logos da Universidade de A Coru\u00f1a. Tam\u00e9n posibilitar\u00e1 o acceso a informaci\u00f3n e servizos personalizados de asistencia, consultor\u00eda, etc. para as familias con persoas con diversidade funcional&#8230;<\/div>\n<div align=\"justify\"> Este traballo enm\u00e1rcase no proxecto de investigaci\u00f3n \u00abEstudio e an\u00e1lise do impacto da utilizaci\u00f3n das TIC na atenci\u00f3n \u00e1s persoas con discapacidade e \u00e1s s\u00faas familias: Calidade de Vida e Autoxesti\u00f3n\u00bb. O proxecto depende da Consellar\u00eda de Innovaci\u00f3n e Industria e nel participa a <a href=\"http:\/\/www.udc.es\/ucatea\">Unidade Cl\u00ednico Asistencial de Trastornos de Espectro Autista e Xerais do Desenvolvemento da Universidade de A Coru\u00f1a (UDC)<\/a>, co obxectivo principal de analizar en que medida o emprego axeitado das TIC nas familias con persoas con diversidade funcional contrib\u00fae \u00e1 mellora da calidade de vida dentro do microsistema familiar. Para acadar este obxectivo, no marco do desenvolvemento do proxecto, dotouse a un grupo de familias con persoas con diversidade funcional de formaci\u00f3n, equipamento inform\u00e1tico e acceso a Internet de alta velocidade.<\/p>\n<p> O contorno consta de d\u00faas secci\u00f3ns, unha p\u00fablica \u00e1 que pode acceder calquera persoa, con informaci\u00f3n xeral sobre o proxecto, e outra restrinxida \u00e1 que s\u00f3 poden acceder os participantes nesta iniciativa. Esta \u00faltima parte est\u00e1 dotada de ferramentas de informaci\u00f3n e comunicaci\u00f3n s\u00edncronas \u2013chat de texto, multiaudioconferencia- e as\u00edncronas \u2013foros, taboleiros de novas, etc.- dentro dun contorno de aplicaci\u00f3ns orientadas \u00e1 participaci\u00f3n activa e enfocadas aos usuarios finais.<\/p><\/div>\n<div align=\"justify\">\u00a0<\/div>\n<div align=\"justify\">Fonte:<br \/><a href=\"http:\/\/www.sociedadedainformacion.eu\/actualidade\/nova.php?id=857&#038;lg=gal\" target=\"_blank\" title=\"http:\/\/www.sociedadedainformacion.eu\/actualidade\/nova.php?id=857&#038;lg=gal\" rel=\"noopener\">http:\/\/www.sociedadedainformacion.eu<\/a> <\/div>\n","protected":false},"excerpt":{"rendered":"<div align=\"justify\">A \u00e1rea de e-learning do <a href=\"http:\/\/www.cesga.es\/\">CESGA<\/a> est\u00e1 traballando na preparaci\u00f3n dun <a href=\"http:\/\/diversidade.cesga.es\/\">contorno virtual<\/a> baseado en Software Libre, que permitir\u00e1, entre outras cousas, mellorar tanto a comunicaci\u00f3n intrafamiliar como a comunicaci\u00f3n entre as familias e o equipo de psic\u00f3logos da Universidade de A Coru\u00f1a. Tam\u00e9n posibilitar\u00e1 o acceso a informaci\u00f3n e servizos personalizados de asistencia, consultor\u00eda, etc. para as familias con persoas con diversidade funcional&#8230;<\/div>\n","protected":false},"author":5,"featured_media":0,"comment_status":"open","ping_status":"open","sticky":false,"template":"","format":"standard","meta":{"footnotes":""},"categories":[],"tags":[],"class_list":["post-37377","post","type-post","status-publish","format-standard","hentry"],"acf":[],"_links":{"self":[{"href":"https:\/\/mancomun.gal\/es\/wp-json\/wp\/v2\/posts\/37377","targetHints":{"allow":["GET"]}}],"collection":[{"href":"https:\/\/mancomun.gal\/es\/wp-json\/wp\/v2\/posts"}],"about":[{"href":"https:\/\/mancomun.gal\/es\/wp-json\/wp\/v2\/types\/post"}],"author":[{"embeddable":true,"href":"https:\/\/mancomun.gal\/es\/wp-json\/wp\/v2\/users\/5"}],"replies":[{"embeddable":true,"href":"https:\/\/mancomun.gal\/es\/wp-json\/wp\/v2\/comments?post=37377"}],"version-history":[{"count":0,"href":"https:\/\/mancomun.gal\/es\/wp-json\/wp\/v2\/posts\/37377\/revisions"}],"wp:attachment":[{"href":"https:\/\/mancomun.gal\/es\/wp-json\/wp\/v2\/media?parent=37377"}],"wp:term":[{"taxonomy":"category","embeddable":true,"href":"https:\/\/mancomun.gal\/es\/wp-json\/wp\/v2\/categories?post=37377"},{"taxonomy":"post_tag","embeddable":true,"href":"https:\/\/mancomun.gal\/es\/wp-json\/wp\/v2\/tags?post=37377"}],"curies":[{"name":"wp","href":"https:\/\/api.w.org\/{rel}","templated":true}]}}