{"id":37380,"date":"2008-01-30T10:30:48","date_gmt":"2008-01-30T09:30:48","guid":{"rendered":"https:\/\/mancomun.gal\/os-alumnos-do-master-de-software-libre-de-caixanova-estaran-presentes-na-fosdem\/"},"modified":"2023-05-10T03:22:55","modified_gmt":"2023-05-10T01:22:55","slug":"os-alumnos-do-master-de-software-libre-de-caixanova-estaran-presentes-na-fosdem","status":"publish","type":"post","link":"https:\/\/mancomun.gal\/es\/os-alumnos-do-master-de-software-libre-de-caixanova-estaran-presentes-na-fosdem\/","title":{"rendered":"Os alumnos do M\u00e1ster de Software Libre de Caixanova estar\u00e1n presentes na FOSDEM"},"content":{"rendered":"<p align=\"justify\"><img loading=\"lazy\" decoding=\"async\" src=\"https:\/\/mancomun.gal\/wp-content\/uploads\/2022\/09\/master_swl.jpg\" border=\"0\" alt=\"http:\/\/www.mancomun.org\/images\/stories\/master_swl.jpg\" title=\"http:\/\/www.mancomun.org\/images\/stories\/master_swl.jpg\" hspace=\"7\" vspace=\"7\" width=\"153\" height=\"155\" align=\"left\" \/>No <a href=\"http:\/\/blogs.igalia.com\/chema\/?p=41\" target=\"_blank\" title=\"http:\/\/blogs.igalia.com\/chema\/?p=41\" rel=\"noopener\">blogue de Chema Casanova<\/a>, empregado da empresa galega Igalia que participa no <a href=\"http:\/\/www.centrosocialcaixanova.com\/nt\/index.php?option=com_content&#038;task=view&#038;id=33&#038;Itemid=1\" target=\"_blank\" title=\"http:\/\/www.centrosocialcaixanova.com\/nt\/index.php?option=com_content&#038;task=view&#038;id=33&#038;Itemid=1\" rel=\"noopener\">M\u00e1ster de Software Libre de Caixanova<\/a>, an\u00fanciase que os alumnos do M\u00e1ster estar\u00e1n presentes na conferencia <a href=\"http:\/\/www.fosdem.org\/\" target=\"_blank\" title=\"http:\/\/www.fosdem.org\/\" rel=\"noopener\">FOSDEM<\/a>, unha das m\u00e1is importantes conferencias a nivel europeo que se celebra durante o 23 e 24 de febreiro en Bruxelas. Ademais ser\u00e1 Caixanova quen pague os gastos de viaxe e estancia dos alumnos durante toda a fin de semana.<\/p>\n<p align=\"justify\">Durante a FOSDEM ter\u00e1n a oportunidade de co\u00f1ecer a expertos no mundo do Software Libre de car\u00e1cter internacional. Ademais os alumnos est\u00e1n traballando nun informe sobre a evoluci\u00f3n das distintas distribuci\u00f3ns de Linux para poder presentalo na conferencia&#8230;<\/p>\n<p><\/p>\n<p align=\"justify\">Recordamos que o M\u00e1ster de Software Libre de Caixanova contaba entre os membros asesores a personalidades do mundo do Software Libre como <strong>Richard Stallman<\/strong>, presidente da FSF e fundador do proxecto GNU; <strong>Miguel de Icaza<\/strong>, vicepresidente de Novell, fundador do proxecto GNOME e impulsor do proxecto MONO, entre outros.<\/p>\n<p align=\"justify\">M\u00e1is informaci\u00f3n na fonte orixinal da nova:<br \/><a href=\"http:\/\/blogs.igalia.com\/chema\/?p=41\" target=\"_blank\" title=\"http:\/\/blogs.igalia.com\/chema\/?p=41\" rel=\"noopener\">http:\/\/blogs.igalia.com\/chema\/?p=41<\/a><\/p>\n","protected":false},"excerpt":{"rendered":"<p align=\"justify\"><img loading=\"lazy\" decoding=\"async\" src=\"https:\/\/www.mancomun.gal\/wp-content\/uploads\/uploads\/pics\/stories\/master_swl.jpg\" border=\"0\" alt=\"http:\/\/www.mancomun.org\/images\/stories\/master_swl.jpg\" title=\"http:\/\/www.mancomun.org\/images\/stories\/master_swl.jpg\" hspace=\"7\" vspace=\"7\" width=\"153\" height=\"155\" align=\"left\" \/>No <a href=\"http:\/\/blogs.igalia.com\/chema\/?p=41\" target=\"_blank\" title=\"http:\/\/blogs.igalia.com\/chema\/?p=41\" rel=\"noopener\">blogue de Chema Casanova<\/a>, empregado da empresa galega Igalia que participa no <a href=\"http:\/\/www.centrosocialcaixanova.com\/nt\/index.php?option=com_content&#038;task=view&#038;id=33&#038;Itemid=1\" target=\"_blank\" title=\"http:\/\/www.centrosocialcaixanova.com\/nt\/index.php?option=com_content&#038;task=view&#038;id=33&#038;Itemid=1\" rel=\"noopener\">M\u00e1ster de Software Libre de Caixanova<\/a>, an\u00fanciase que os alumnos do M\u00e1ster estar\u00e1n presentes na conferencia <a href=\"http:\/\/www.fosdem.org\/\" target=\"_blank\" title=\"http:\/\/www.fosdem.org\/\" rel=\"noopener\">FOSDEM<\/a>, unha das m\u00e1is importantes conferencias a nivel europeo que se celebra durante o 23 e 24 de febreiro en Bruxelas. Ademais ser\u00e1 Caixanova quen pague os gastos de viaxe e estancia dos alumnos durante toda a fin de semana.<\/p>\n<p align=\"justify\">Durante a FOSDEM ter\u00e1n a oportunidade de co\u00f1ecer a expertos no mundo do Software Libre de car\u00e1cter internacional. Ademais os alumnos est\u00e1n traballando nun informe sobre a evoluci\u00f3n das distintas distribuci\u00f3ns de Linux para poder presentalo na conferencia&#8230;<\/p>\n","protected":false},"author":5,"featured_media":2208,"comment_status":"open","ping_status":"open","sticky":false,"template":"","format":"standard","meta":{"footnotes":""},"categories":[],"tags":[],"class_list":["post-37380","post","type-post","status-publish","format-standard","has-post-thumbnail","hentry"],"acf":[],"_links":{"self":[{"href":"https:\/\/mancomun.gal\/es\/wp-json\/wp\/v2\/posts\/37380","targetHints":{"allow":["GET"]}}],"collection":[{"href":"https:\/\/mancomun.gal\/es\/wp-json\/wp\/v2\/posts"}],"about":[{"href":"https:\/\/mancomun.gal\/es\/wp-json\/wp\/v2\/types\/post"}],"author":[{"embeddable":true,"href":"https:\/\/mancomun.gal\/es\/wp-json\/wp\/v2\/users\/5"}],"replies":[{"embeddable":true,"href":"https:\/\/mancomun.gal\/es\/wp-json\/wp\/v2\/comments?post=37380"}],"version-history":[{"count":1,"href":"https:\/\/mancomun.gal\/es\/wp-json\/wp\/v2\/posts\/37380\/revisions"}],"predecessor-version":[{"id":37381,"href":"https:\/\/mancomun.gal\/es\/wp-json\/wp\/v2\/posts\/37380\/revisions\/37381"}],"wp:featuredmedia":[{"embeddable":true,"href":"https:\/\/mancomun.gal\/es\/wp-json\/wp\/v2\/media\/2208"}],"wp:attachment":[{"href":"https:\/\/mancomun.gal\/es\/wp-json\/wp\/v2\/media?parent=37380"}],"wp:term":[{"taxonomy":"category","embeddable":true,"href":"https:\/\/mancomun.gal\/es\/wp-json\/wp\/v2\/categories?post=37380"},{"taxonomy":"post_tag","embeddable":true,"href":"https:\/\/mancomun.gal\/es\/wp-json\/wp\/v2\/tags?post=37380"}],"curies":[{"name":"wp","href":"https:\/\/api.w.org\/{rel}","templated":true}]}}