{"id":37396,"date":"2008-02-01T12:55:27","date_gmt":"2008-02-01T11:55:27","guid":{"rendered":"https:\/\/mancomun.gal\/o-centro-de-software-libre-de-eslovenia-implanta-swl-nun-centro-de-investigacion-en-xerontoloxia\/"},"modified":"2008-02-01T12:55:27","modified_gmt":"2008-02-01T11:55:27","slug":"o-centro-de-software-libre-de-eslovenia-implanta-swl-nun-centro-de-investigacion-en-xerontoloxia","status":"publish","type":"post","link":"https:\/\/mancomun.gal\/es\/o-centro-de-software-libre-de-eslovenia-implanta-swl-nun-centro-de-investigacion-en-xerontoloxia\/","title":{"rendered":"O centro de Software Libre de Eslovenia implanta SWL nun centro de investigaci\u00f3n en xerontolox\u00eda"},"content":{"rendered":"<p align=\"justify\">Un centro de investigaci\u00f3n en xerontolox\u00eda da rep\u00fablica de Eslovenia est\u00e1 usando Software Libre para a recolecci\u00f3n e verificaci\u00f3n de informaci\u00f3n, manter aos seus investigadores e persoal informados constantemente e para a s\u00faa web.<\/p>\n<p align=\"justify\">O centro usa unha versi\u00f3n personalizada de software MediaWiki. O proxecto ten como obxectivo mellorar o servizo que ofrecen mellorando o acceso \u00e1 informaci\u00f3n.<\/p>\n<p align=\"justify\">Este foi un dos primeiros proxectos levados a cabo polo centro de Software Libre de Eslovenia (COKS) creado en setembro do pasado ano&#8230;<\/p>\n<p><\/p>\n<p align=\"justify\">O centro foi creado polo ministro de educaci\u00f3n, ciencia e tecnolox\u00eda e prov\u00e9 un punto central de informaci\u00f3n e contacto para software e servizos en Software Libre. Segundo o seu coordinador, reciben moitas consultas de departamentos t\u00e9cnicos da administraci\u00f3n p\u00fablica para que os axuden a migrar a Software Libre ou a elixir entre unha ou outra aplicaci\u00f3n en Software Libre.<\/p>\n<p align=\"justify\">Actualmente o centro dirixe un estudo sobre o uso de Software Libre na administraci\u00f3n p\u00fablica en Eslovenia. Esp\u00e9rase que os resultados estean dispo\u00f1ibles durante este mes de febreiro. Outro estudo sobre o uso do Software Libre no \u00e1mbito privado estar\u00e1 dispo\u00f1ible no mes de marzo.<\/p>\n<p align=\"justify\">\u00a0<\/p>\n<p align=\"justify\">Fonte:<br \/><a href=\"http:\/\/ec.europa.eu\/idabc\/en\/document\/7342\/469\" target=\"_blank\" title=\"http:\/\/ec.europa.eu\/idabc\/en\/document\/7342\/469\" rel=\"noopener\">http:\/\/ec.europa.eu<\/a><\/p>\n","protected":false},"excerpt":{"rendered":"<p align=\"justify\">Un centro de investigaci\u00f3n en xerontolox\u00eda da rep\u00fablica de Eslovenia est\u00e1 usando Software Libre para a recolecci\u00f3n e verificaci\u00f3n de informaci\u00f3n, manter aos seus investigadores e persoal informados constantemente e para a s\u00faa web.<\/p>\n<p align=\"justify\">O centro usa unha versi\u00f3n personalizada de software MediaWiki. O proxecto ten como obxectivo mellorar o servizo que ofrecen mellorando o acceso \u00e1 informaci\u00f3n.<\/p>\n<p align=\"justify\">Este foi un dos primeiros proxectos levados a cabo polo centro de Software Libre de Eslovenia (COKS) creado en setembro do pasado ano&#8230;<\/p>\n","protected":false},"author":5,"featured_media":0,"comment_status":"open","ping_status":"open","sticky":false,"template":"","format":"standard","meta":{"footnotes":""},"categories":[],"tags":[],"class_list":["post-37396","post","type-post","status-publish","format-standard","hentry"],"acf":[],"_links":{"self":[{"href":"https:\/\/mancomun.gal\/es\/wp-json\/wp\/v2\/posts\/37396","targetHints":{"allow":["GET"]}}],"collection":[{"href":"https:\/\/mancomun.gal\/es\/wp-json\/wp\/v2\/posts"}],"about":[{"href":"https:\/\/mancomun.gal\/es\/wp-json\/wp\/v2\/types\/post"}],"author":[{"embeddable":true,"href":"https:\/\/mancomun.gal\/es\/wp-json\/wp\/v2\/users\/5"}],"replies":[{"embeddable":true,"href":"https:\/\/mancomun.gal\/es\/wp-json\/wp\/v2\/comments?post=37396"}],"version-history":[{"count":0,"href":"https:\/\/mancomun.gal\/es\/wp-json\/wp\/v2\/posts\/37396\/revisions"}],"wp:attachment":[{"href":"https:\/\/mancomun.gal\/es\/wp-json\/wp\/v2\/media?parent=37396"}],"wp:term":[{"taxonomy":"category","embeddable":true,"href":"https:\/\/mancomun.gal\/es\/wp-json\/wp\/v2\/categories?post=37396"},{"taxonomy":"post_tag","embeddable":true,"href":"https:\/\/mancomun.gal\/es\/wp-json\/wp\/v2\/tags?post=37396"}],"curies":[{"name":"wp","href":"https:\/\/api.w.org\/{rel}","templated":true}]}}